{"id":1825,"date":"2008-08-19T18:23:28","date_gmt":"2008-08-19T18:23:28","guid":{"rendered":"https:\/\/ulx.hu\/a-colt-telecommunications-france-a-red-hat-enterprise-linuxot-valasztotta\/"},"modified":"2008-08-19T18:23:28","modified_gmt":"2008-08-19T18:23:28","slug":"a-colt-telecommunications-france-a-red-hat-enterprise-linuxot-valasztotta","status":"publish","type":"post","link":"https:\/\/ulx.hu\/en\/a-colt-telecommunications-france-a-red-hat-enterprise-linuxot-valasztotta\/","title":{"rendered":"A COLT T\u00e9l\u00e9communications France a Red Hat Enterprise Linuxot v\u00e1lasztotta"},"content":{"rendered":"<p><i>&bdquo;A Red Hat Enterprise Linuxok bevezet&eacute;se nagyobb biztons&aacute;got &eacute;s megb&iacute;zhat&oacute;s&aacute;got eredm&eacute;nyezett felhaszn&aacute;l&oacute;ink sz&aacute;m&aacute;ra.&rdquo;<\/i>A Red Hat Inc., a vezet\u0151 ny&iacute;lt forr&aacute;sk&oacute;d&uacute; megold&aacute;ssz&aacute;ll&iacute;t&oacute; bejelentette, hogy partnerei k&ouml;zt tudhatja a COLT Telecommunications France-t, aki a felhaszn&aacute;l&oacute;it&oacute;l <a href=\"https:\/\/ulx.hu\/en\/a-colt-telecommunications-france-a-red-hat-enterprise-linuxot-valasztotta\/#more-1825\" class=\"more-link\">&#8230;<\/a><\/p>","protected":false},"excerpt":{"rendered":"<p>&bdquo;A Red Hat Enterprise Linuxok bevezet&eacute;se nagyobb biztons&aacute;got &eacute;s megb&iacute;zhat&oacute;s&aacute;got eredm&eacute;nyezett felhaszn&aacute;l&oacute;ink sz&aacute;m&aacute;ra.&rdquo;A Red Hat Inc., a vezet\u0151 ny&iacute;lt forr&aacute;sk&oacute;d&uacute; megold&aacute;ssz&aacute;ll&iacute;t&oacute; bejelentette, hogy partnerei k&ouml;zt tudhatja<span class=\"excerpt-hellip\"> [\u2026]<\/span><\/p>\n","protected":false},"author":4,"featured_media":0,"comment_status":"closed","ping_status":"closed","sticky":false,"template":"","format":"standard","meta":{"iawp_total_views":0,"footnotes":"","_links_to":"","_links_to_target":""},"categories":[6],"tags":[],"class_list":["post-1825","post","type-post","status-publish","format-standard","hentry","category-vallalati-hirek"],"_links":{"self":[{"href":"https:\/\/ulx.hu\/en\/wp-json\/wp\/v2\/posts\/1825"}],"collection":[{"href":"https:\/\/ulx.hu\/en\/wp-json\/wp\/v2\/posts"}],"about":[{"href":"https:\/\/ulx.hu\/en\/wp-json\/wp\/v2\/types\/post"}],"author":[{"embeddable":true,"href":"https:\/\/ulx.hu\/en\/wp-json\/wp\/v2\/users\/4"}],"replies":[{"embeddable":true,"href":"https:\/\/ulx.hu\/en\/wp-json\/wp\/v2\/comments?post=1825"}],"version-history":[{"count":0,"href":"https:\/\/ulx.hu\/en\/wp-json\/wp\/v2\/posts\/1825\/revisions"}],"wp:attachment":[{"href":"https:\/\/ulx.hu\/en\/wp-json\/wp\/v2\/media?parent=1825"}],"wp:term":[{"taxonomy":"category","embeddable":true,"href":"https:\/\/ulx.hu\/en\/wp-json\/wp\/v2\/categories?post=1825"},{"taxonomy":"post_tag","embeddable":true,"href":"https:\/\/ulx.hu\/en\/wp-json\/wp\/v2\/tags?post=1825"}],"curies":[{"name":"wp","href":"https:\/\/api.w.org\/{rel}","templated":true}]}}