{"id":1851,"date":"2008-08-20T17:02:55","date_gmt":"2008-08-20T17:02:55","guid":{"rendered":"https:\/\/ulx.hu\/a-red-hat-virtualis-eszkoz-operacios-rendszert-epit-az-intel-vpro-alapu-desktopok-kezeleser\/"},"modified":"2008-08-20T17:02:55","modified_gmt":"2008-08-20T17:02:55","slug":"a-red-hat-virtualis-eszkoz-operacios-rendszert-epit-az-intel-vpro-alapu-desktopok-kezeleser","status":"publish","type":"post","link":"https:\/\/ulx.hu\/en\/a-red-hat-virtualis-eszkoz-operacios-rendszert-epit-az-intel-vpro-alapu-desktopok-kezeleser\/","title":{"rendered":"A Red Hat virtu\u00e1lis eszk\u00f6z oper\u00e1ci\u00f3s rendszert \u00e9p\u00edt az Intel VPro alap\u00fa desktopok kezel\u00e9s\u00e9r"},"content":{"rendered":"<p><i>A v&aacute;llalat terve a folyamatos elk&ouml;telezetts&eacute;g&eacute;t mutatja a kliens-oldali informatika sz&aacute;m&aacute;ra t&ouml;rt&eacute;n\u0151, tov&aacute;bbfejlesztett biztons&aacute;gi &eacute;s kezelhet\u0151s&eacute;gi funkcionalit&aacute;s sz&aacute;ll&iacute;t&aacute;s&aacute;ban.<\/i><\/p>\n<p>A Red Hat egy k&ouml;z&ouml;s programot jelentett be az Intellel, mely sor&aacute;n olyan, Red Hat branddel ell&aacute;tott szoftver <a href=\"https:\/\/ulx.hu\/en\/a-red-hat-virtualis-eszkoz-operacios-rendszert-epit-az-intel-vpro-alapu-desktopok-kezeleser\/#more-1851\" class=\"more-link\">&#8230;<\/a><\/p>","protected":false},"excerpt":{"rendered":"<p>A v&aacute;llalat terve a folyamatos elk&ouml;telezetts&eacute;g&eacute;t mutatja a kliens-oldali informatika sz&aacute;m&aacute;ra t&ouml;rt&eacute;n\u0151, tov&aacute;bbfejlesztett biztons&aacute;gi &eacute;s kezelhet\u0151s&eacute;gi funkcionalit&aacute;s sz&aacute;ll&iacute;t&aacute;s&aacute;ban. A Red Hat egy k&ouml;z&ouml;s programot jelentett be<span class=\"excerpt-hellip\"> [\u2026]<\/span><\/p>\n","protected":false},"author":4,"featured_media":0,"comment_status":"closed","ping_status":"closed","sticky":false,"template":"","format":"standard","meta":{"iawp_total_views":0,"footnotes":"","_links_to":"","_links_to_target":""},"categories":[6],"tags":[],"class_list":["post-1851","post","type-post","status-publish","format-standard","hentry","category-vallalati-hirek"],"_links":{"self":[{"href":"https:\/\/ulx.hu\/en\/wp-json\/wp\/v2\/posts\/1851"}],"collection":[{"href":"https:\/\/ulx.hu\/en\/wp-json\/wp\/v2\/posts"}],"about":[{"href":"https:\/\/ulx.hu\/en\/wp-json\/wp\/v2\/types\/post"}],"author":[{"embeddable":true,"href":"https:\/\/ulx.hu\/en\/wp-json\/wp\/v2\/users\/4"}],"replies":[{"embeddable":true,"href":"https:\/\/ulx.hu\/en\/wp-json\/wp\/v2\/comments?post=1851"}],"version-history":[{"count":0,"href":"https:\/\/ulx.hu\/en\/wp-json\/wp\/v2\/posts\/1851\/revisions"}],"wp:attachment":[{"href":"https:\/\/ulx.hu\/en\/wp-json\/wp\/v2\/media?parent=1851"}],"wp:term":[{"taxonomy":"category","embeddable":true,"href":"https:\/\/ulx.hu\/en\/wp-json\/wp\/v2\/categories?post=1851"},{"taxonomy":"post_tag","embeddable":true,"href":"https:\/\/ulx.hu\/en\/wp-json\/wp\/v2\/tags?post=1851"}],"curies":[{"name":"wp","href":"https:\/\/api.w.org\/{rel}","templated":true}]}}