{"id":1860,"date":"2008-08-20T17:09:15","date_gmt":"2008-08-20T17:09:15","guid":{"rendered":"https:\/\/ulx.hu\/a-kivalo-soa-szakerto-szolgaltatas-modellezessel-jarul-hozza-a-red-hat-soa-megoldasaihoz\/"},"modified":"2008-08-20T17:09:15","modified_gmt":"2008-08-20T17:09:15","slug":"a-kivalo-soa-szakerto-szolgaltatas-modellezessel-jarul-hozza-a-red-hat-soa-megoldasaihoz","status":"publish","type":"post","link":"https:\/\/ulx.hu\/en\/a-kivalo-soa-szakerto-szolgaltatas-modellezessel-jarul-hozza-a-red-hat-soa-megoldasaihoz\/","title":{"rendered":"A kiv\u00e1l\u00f3 SOA szak\u00e9rt\u0151 szolg\u00e1ltat\u00e1s modellez\u00e9ssel j\u00e1rul hozz\u00e1 a Red Hat SOA megold\u00e1saihoz"},"content":{"rendered":"<p><i>A Red Hat bejelentette, hogy Thomas Erl, a legismertebb szolg&aacute;ltat&aacute;s-orient&aacute;lt architekt&uacute;ra (SOA) szak&eacute;rt\u0151 &eacute;s szerz\u0151 szellemi tulajdonnal j&aacute;rult hozz&aacute; a Red Hat megold&aacute;saihoz a szolg&aacute;ltat&aacute;s modellez&eacute;s ter&uuml;let&eacute;n. <\/i><\/p>\n<p>A technol&oacute;gi&aacute;t arra tervezt&eacute;k, hogy a fejleszt\u0151i csapatok egy&uuml;ttm\u0171k&ouml;d&eacute;s&eacute;t <a href=\"https:\/\/ulx.hu\/en\/a-kivalo-soa-szakerto-szolgaltatas-modellezessel-jarul-hozza-a-red-hat-soa-megoldasaihoz\/#more-1860\" class=\"more-link\">&#8230;<\/a><\/p>","protected":false},"excerpt":{"rendered":"<p>A Red Hat bejelentette, hogy Thomas Erl, a legismertebb szolg&aacute;ltat&aacute;s-orient&aacute;lt architekt&uacute;ra (SOA) szak&eacute;rt\u0151 &eacute;s szerz\u0151 szellemi tulajdonnal j&aacute;rult hozz&aacute; a Red Hat megold&aacute;saihoz a szolg&aacute;ltat&aacute;s modellez&eacute;s<span class=\"excerpt-hellip\"> [\u2026]<\/span><\/p>\n","protected":false},"author":4,"featured_media":0,"comment_status":"closed","ping_status":"closed","sticky":false,"template":"","format":"standard","meta":{"iawp_total_views":0,"footnotes":"","_links_to":"","_links_to_target":""},"categories":[6],"tags":[],"class_list":["post-1860","post","type-post","status-publish","format-standard","hentry","category-vallalati-hirek"],"_links":{"self":[{"href":"https:\/\/ulx.hu\/en\/wp-json\/wp\/v2\/posts\/1860"}],"collection":[{"href":"https:\/\/ulx.hu\/en\/wp-json\/wp\/v2\/posts"}],"about":[{"href":"https:\/\/ulx.hu\/en\/wp-json\/wp\/v2\/types\/post"}],"author":[{"embeddable":true,"href":"https:\/\/ulx.hu\/en\/wp-json\/wp\/v2\/users\/4"}],"replies":[{"embeddable":true,"href":"https:\/\/ulx.hu\/en\/wp-json\/wp\/v2\/comments?post=1860"}],"version-history":[{"count":0,"href":"https:\/\/ulx.hu\/en\/wp-json\/wp\/v2\/posts\/1860\/revisions"}],"wp:attachment":[{"href":"https:\/\/ulx.hu\/en\/wp-json\/wp\/v2\/media?parent=1860"}],"wp:term":[{"taxonomy":"category","embeddable":true,"href":"https:\/\/ulx.hu\/en\/wp-json\/wp\/v2\/categories?post=1860"},{"taxonomy":"post_tag","embeddable":true,"href":"https:\/\/ulx.hu\/en\/wp-json\/wp\/v2\/tags?post=1860"}],"curies":[{"name":"wp","href":"https:\/\/api.w.org\/{rel}","templated":true}]}}