{"id":1864,"date":"2008-08-20T17:12:08","date_gmt":"2008-08-20T17:12:08","guid":{"rendered":"https:\/\/ulx.hu\/az-amd-nyilt-forraskodu-meghajtot-jelentetett-meg-az-uj-ati-grafikus-processzorokhoz\/"},"modified":"2008-08-20T17:12:08","modified_gmt":"2008-08-20T17:12:08","slug":"az-amd-nyilt-forraskodu-meghajtot-jelentetett-meg-az-uj-ati-grafikus-processzorokhoz","status":"publish","type":"post","link":"https:\/\/ulx.hu\/en\/az-amd-nyilt-forraskodu-meghajtot-jelentetett-meg-az-uj-ati-grafikus-processzorokhoz\/","title":{"rendered":"Az AMD ny\u00edlt forr\u00e1sk\u00f3d\u00fa meghajt\u00f3t jelentetett meg az \u00faj ATI grafikus processzorokhoz"},"content":{"rendered":"<p><i>Az AMD d&ouml;nt&eacute;se, mely szerint ny&iacute;lt forr&aacute;sk&oacute;d&uacute; 2D &eacute;s 3D meghajt&oacute;t ny&uacute;jt az R5xx\/R6xx &eacute;s a j&ouml;v\u0151beli GPU grafikai hardvereknek, egy nagyszer\u0171 fejl\u0151d&eacute;st jelent a ny&iacute;lt forr&aacute;sk&oacute;d&uacute; k&ouml;z&ouml;ss&eacute;g, valamint az AMD &eacute;s az &uuml;gyfeleknek sz&aacute;m&aacute;ra.<\/i><\/p>\n<p>Az al&aacute;bbiakban a d&ouml;nt&eacute;s <a href=\"https:\/\/ulx.hu\/en\/az-amd-nyilt-forraskodu-meghajtot-jelentetett-meg-az-uj-ati-grafikus-processzorokhoz\/#more-1864\" class=\"more-link\">&#8230;<\/a><\/p>","protected":false},"excerpt":{"rendered":"<p>Az AMD d&ouml;nt&eacute;se, mely szerint ny&iacute;lt forr&aacute;sk&oacute;d&uacute; 2D &eacute;s 3D meghajt&oacute;t ny&uacute;jt az R5xx\/R6xx &eacute;s a j&ouml;v\u0151beli GPU grafikai hardvereknek, egy nagyszer\u0171 fejl\u0151d&eacute;st jelent a ny&iacute;lt<span class=\"excerpt-hellip\"> [\u2026]<\/span><\/p>\n","protected":false},"author":4,"featured_media":0,"comment_status":"closed","ping_status":"closed","sticky":false,"template":"","format":"standard","meta":{"iawp_total_views":0,"footnotes":"","_links_to":"","_links_to_target":""},"categories":[6],"tags":[],"class_list":["post-1864","post","type-post","status-publish","format-standard","hentry","category-vallalati-hirek"],"_links":{"self":[{"href":"https:\/\/ulx.hu\/en\/wp-json\/wp\/v2\/posts\/1864"}],"collection":[{"href":"https:\/\/ulx.hu\/en\/wp-json\/wp\/v2\/posts"}],"about":[{"href":"https:\/\/ulx.hu\/en\/wp-json\/wp\/v2\/types\/post"}],"author":[{"embeddable":true,"href":"https:\/\/ulx.hu\/en\/wp-json\/wp\/v2\/users\/4"}],"replies":[{"embeddable":true,"href":"https:\/\/ulx.hu\/en\/wp-json\/wp\/v2\/comments?post=1864"}],"version-history":[{"count":0,"href":"https:\/\/ulx.hu\/en\/wp-json\/wp\/v2\/posts\/1864\/revisions"}],"wp:attachment":[{"href":"https:\/\/ulx.hu\/en\/wp-json\/wp\/v2\/media?parent=1864"}],"wp:term":[{"taxonomy":"category","embeddable":true,"href":"https:\/\/ulx.hu\/en\/wp-json\/wp\/v2\/categories?post=1864"},{"taxonomy":"post_tag","embeddable":true,"href":"https:\/\/ulx.hu\/en\/wp-json\/wp\/v2\/tags?post=1864"}],"curies":[{"name":"wp","href":"https:\/\/api.w.org\/{rel}","templated":true}]}}