{"id":1866,"date":"2008-08-20T17:13:45","date_gmt":"2008-08-20T17:13:45","guid":{"rendered":"https:\/\/ulx.hu\/a-red-hat-allasfoglalasa-az-europai-bizottsag-kontra-microsoft-perben\/"},"modified":"2008-08-20T17:13:45","modified_gmt":"2008-08-20T17:13:45","slug":"a-red-hat-allasfoglalasa-az-europai-bizottsag-kontra-microsoft-perben","status":"publish","type":"post","link":"https:\/\/ulx.hu\/en\/a-red-hat-allasfoglalasa-az-europai-bizottsag-kontra-microsoft-perben\/","title":{"rendered":"A Red Hat \u00e1ll\u00e1sfoglal\u00e1sa az Eur\u00f3pai Bizotts\u00e1g kontra Microsoft perben"},"content":{"rendered":"<p><i>A Red Hat a k&ouml;vetkez\u0151 bejelent&eacute;st tette a luxemburgi sz&eacute;khely\u0171 Els\u0151fok&uacute; B&iacute;r&oacute;s&aacute;g d&ouml;nt&eacute;s&eacute;vel kapcsolatban a Microsoft kontra Eur&oacute;pai Bizotts&aacute;g perben.<\/i>&bdquo;A luxemburgi Els\u0151fok&uacute; B&iacute;r&oacute;s&aacute;g mai d&ouml;nt&eacute;se a Microsoft &uuml;gy&eacute;ben az innov&aacute;ci&oacute; &eacute;s az &uuml;gyfelek v&aacute;laszt&aacute;si <a href=\"https:\/\/ulx.hu\/en\/a-red-hat-allasfoglalasa-az-europai-bizottsag-kontra-microsoft-perben\/#more-1866\" class=\"more-link\">&#8230;<\/a><\/p>","protected":false},"excerpt":{"rendered":"<p>A Red Hat a k&ouml;vetkez\u0151 bejelent&eacute;st tette a luxemburgi sz&eacute;khely\u0171 Els\u0151fok&uacute; B&iacute;r&oacute;s&aacute;g d&ouml;nt&eacute;s&eacute;vel kapcsolatban a Microsoft kontra Eur&oacute;pai Bizotts&aacute;g perben.&bdquo;A luxemburgi Els\u0151fok&uacute; B&iacute;r&oacute;s&aacute;g mai d&ouml;nt&eacute;se a<span class=\"excerpt-hellip\"> [\u2026]<\/span><\/p>\n","protected":false},"author":4,"featured_media":0,"comment_status":"closed","ping_status":"closed","sticky":false,"template":"","format":"standard","meta":{"iawp_total_views":0,"footnotes":"","_links_to":"","_links_to_target":""},"categories":[6],"tags":[],"class_list":["post-1866","post","type-post","status-publish","format-standard","hentry","category-vallalati-hirek"],"_links":{"self":[{"href":"https:\/\/ulx.hu\/en\/wp-json\/wp\/v2\/posts\/1866"}],"collection":[{"href":"https:\/\/ulx.hu\/en\/wp-json\/wp\/v2\/posts"}],"about":[{"href":"https:\/\/ulx.hu\/en\/wp-json\/wp\/v2\/types\/post"}],"author":[{"embeddable":true,"href":"https:\/\/ulx.hu\/en\/wp-json\/wp\/v2\/users\/4"}],"replies":[{"embeddable":true,"href":"https:\/\/ulx.hu\/en\/wp-json\/wp\/v2\/comments?post=1866"}],"version-history":[{"count":0,"href":"https:\/\/ulx.hu\/en\/wp-json\/wp\/v2\/posts\/1866\/revisions"}],"wp:attachment":[{"href":"https:\/\/ulx.hu\/en\/wp-json\/wp\/v2\/media?parent=1866"}],"wp:term":[{"taxonomy":"category","embeddable":true,"href":"https:\/\/ulx.hu\/en\/wp-json\/wp\/v2\/categories?post=1866"},{"taxonomy":"post_tag","embeddable":true,"href":"https:\/\/ulx.hu\/en\/wp-json\/wp\/v2\/tags?post=1866"}],"curies":[{"name":"wp","href":"https:\/\/api.w.org\/{rel}","templated":true}]}}