{"id":1895,"date":"2008-08-21T10:05:56","date_gmt":"2008-08-21T10:05:56","guid":{"rendered":"https:\/\/ulx.hu\/a-red-hat-bejelentette-a-2008-as-penzugyi-ev-negyedik-negyedevenek-eredmenyeit\/"},"modified":"2008-08-21T10:05:56","modified_gmt":"2008-08-21T10:05:56","slug":"a-red-hat-bejelentette-a-2008-as-penzugyi-ev-negyedik-negyedevenek-eredmenyeit","status":"publish","type":"post","link":"https:\/\/ulx.hu\/en\/a-red-hat-bejelentette-a-2008-as-penzugyi-ev-negyedik-negyedevenek-eredmenyeit\/","title":{"rendered":"A Red Hat bejelentette a 2008-as p\u00e9nz\u00fcgyi \u00e9v negyedik negyed\u00e9v\u00e9nek eredm\u00e9nyeit"},"content":{"rendered":"<p><em>A Red Hat bejelentette a 2008. febru&aacute;r 29-&eacute;n lez&aacute;rult, negyedik negyed&eacute;v&eacute;nek p&eacute;nz&uuml;gyi eredm&eacute;nyeit. A 2008. febru&aacute;r 29-ei d&aacute;tum a Red Hat teljes p&eacute;nz&uuml;gyi &eacute;v&eacute;nek befejez\u0151d&eacute;s&eacute;t is jelenti.<\/em><\/p>\n<ul>\n<li><span>Az &eacute;vi teljes nett&oacute; &aacute;rbev&eacute;tel az el\u0151z\u0151 &eacute;vhez k&eacute;pest 31%-kal n\u0151tt<\/span><\/li>\n<li><span>Az elhat&aacute;rolt <a href=\"https:\/\/ulx.hu\/en\/a-red-hat-bejelentette-a-2008-as-penzugyi-ev-negyedik-negyedevenek-eredmenyeit\/#more-1895\" class=\"more-link\">&#8230;<\/a><\/span><\/li>\n<\/ul>","protected":false},"excerpt":{"rendered":"<p>A Red Hat bejelentette a 2008. febru&aacute;r 29-&eacute;n lez&aacute;rult, negyedik negyed&eacute;v&eacute;nek p&eacute;nz&uuml;gyi eredm&eacute;nyeit. A 2008. febru&aacute;r 29-ei d&aacute;tum a Red Hat teljes p&eacute;nz&uuml;gyi &eacute;v&eacute;nek befejez\u0151d&eacute;s&eacute;t is<span class=\"excerpt-hellip\"> [\u2026]<\/span><\/p>\n","protected":false},"author":4,"featured_media":0,"comment_status":"closed","ping_status":"closed","sticky":false,"template":"","format":"standard","meta":{"iawp_total_views":0,"footnotes":"","_links_to":"","_links_to_target":""},"categories":[6],"tags":[],"class_list":["post-1895","post","type-post","status-publish","format-standard","hentry","category-vallalati-hirek"],"_links":{"self":[{"href":"https:\/\/ulx.hu\/en\/wp-json\/wp\/v2\/posts\/1895"}],"collection":[{"href":"https:\/\/ulx.hu\/en\/wp-json\/wp\/v2\/posts"}],"about":[{"href":"https:\/\/ulx.hu\/en\/wp-json\/wp\/v2\/types\/post"}],"author":[{"embeddable":true,"href":"https:\/\/ulx.hu\/en\/wp-json\/wp\/v2\/users\/4"}],"replies":[{"embeddable":true,"href":"https:\/\/ulx.hu\/en\/wp-json\/wp\/v2\/comments?post=1895"}],"version-history":[{"count":0,"href":"https:\/\/ulx.hu\/en\/wp-json\/wp\/v2\/posts\/1895\/revisions"}],"wp:attachment":[{"href":"https:\/\/ulx.hu\/en\/wp-json\/wp\/v2\/media?parent=1895"}],"wp:term":[{"taxonomy":"category","embeddable":true,"href":"https:\/\/ulx.hu\/en\/wp-json\/wp\/v2\/categories?post=1895"},{"taxonomy":"post_tag","embeddable":true,"href":"https:\/\/ulx.hu\/en\/wp-json\/wp\/v2\/tags?post=1895"}],"curies":[{"name":"wp","href":"https:\/\/api.w.org\/{rel}","templated":true}]}}