{"id":1925,"date":"2009-07-21T02:00:00","date_gmt":"2009-07-21T02:00:00","guid":{"rendered":"https:\/\/ulx.hu\/a-red-hat-orommel-fogadja-a-microsoft-kernel-hozzajarulasat\/"},"modified":"2009-07-21T02:00:00","modified_gmt":"2009-07-21T02:00:00","slug":"a-red-hat-orommel-fogadja-a-microsoft-kernel-hozzajarulasat","status":"publish","type":"post","link":"https:\/\/ulx.hu\/en\/a-red-hat-orommel-fogadja-a-microsoft-kernel-hozzajarulasat\/","title":{"rendered":"A Red Hat \u00f6r\u00f6mmel fogadja a Microsoft kernel-hozz\u00e1j\u00e1rul\u00e1s\u00e1t"},"content":{"rendered":"<p><title><\/title> \t\t<!--\t\t@page { margin: 2cm }\t\tP { margin-bottom: 0.21cm }\t-->\t  <\/p>\n<p style=\"margin-bottom: 0cm\">A GNU General Public License 2-es verzi&oacute;ja alatt a Microsoft jelent\u0151s hozz&aacute;j&aacute;rul&aacute;st aj&aacute;nlott fel a Linux kernelhez. Ez fontos h&iacute;r.<\/p>\n<p><title><\/title> \t\t<!--\t\t@page { margin: 2cm }\t\tP { margin-bottom: 0.21cm }\t-->\t\t\t\tA GNU General Public License 2-esverzi\u00f3ja alatt a Microsoft jelent\u0151s hozz\u00e1j\u00e1rul\u00e1st aj\u00e1nlott fela Linux kernelhez. Ez fontos h\u00edr.  <\/p>\n<p><title><\/title> \t\t<!--\t\t@page { margin: 2cm }\t\tP { margin-bottom: 0.21cm }\t-->\t   <\/p>\n<p style=\"margin-bottom: 0cm\">Mintha csak tegnap t&ouml;rt&eacute;nt volna, hogy a Microsoft &uacute;gy tekintett a Linuxra, <a href=\"https:\/\/ulx.hu\/en\/a-red-hat-orommel-fogadja-a-microsoft-kernel-hozzajarulasat\/#more-1925\" class=\"more-link\">&#8230;<\/a><\/p>","protected":false},"excerpt":{"rendered":"<p>A GNU General Public License 2-es verzi&oacute;ja alatt a Microsoft jelent\u0151s hozz&aacute;j&aacute;rul&aacute;st aj&aacute;nlott fel a Linux kernelhez. Ez fontos h&iacute;r. A GNU General Public License 2-esverzi\u00f3ja<span class=\"excerpt-hellip\"> [\u2026]<\/span><\/p>\n","protected":false},"author":4,"featured_media":0,"comment_status":"closed","ping_status":"closed","sticky":false,"template":"","format":"standard","meta":{"iawp_total_views":0,"footnotes":"","_links_to":"","_links_to_target":""},"categories":[6],"tags":[],"class_list":["post-1925","post","type-post","status-publish","format-standard","hentry","category-vallalati-hirek"],"_links":{"self":[{"href":"https:\/\/ulx.hu\/en\/wp-json\/wp\/v2\/posts\/1925"}],"collection":[{"href":"https:\/\/ulx.hu\/en\/wp-json\/wp\/v2\/posts"}],"about":[{"href":"https:\/\/ulx.hu\/en\/wp-json\/wp\/v2\/types\/post"}],"author":[{"embeddable":true,"href":"https:\/\/ulx.hu\/en\/wp-json\/wp\/v2\/users\/4"}],"replies":[{"embeddable":true,"href":"https:\/\/ulx.hu\/en\/wp-json\/wp\/v2\/comments?post=1925"}],"version-history":[{"count":0,"href":"https:\/\/ulx.hu\/en\/wp-json\/wp\/v2\/posts\/1925\/revisions"}],"wp:attachment":[{"href":"https:\/\/ulx.hu\/en\/wp-json\/wp\/v2\/media?parent=1925"}],"wp:term":[{"taxonomy":"category","embeddable":true,"href":"https:\/\/ulx.hu\/en\/wp-json\/wp\/v2\/categories?post=1925"},{"taxonomy":"post_tag","embeddable":true,"href":"https:\/\/ulx.hu\/en\/wp-json\/wp\/v2\/tags?post=1925"}],"curies":[{"name":"wp","href":"https:\/\/api.w.org\/{rel}","templated":true}]}}