{"id":1936,"date":"2009-05-27T15:18:06","date_gmt":"2009-05-27T15:18:06","guid":{"rendered":"https:\/\/ulx.hu\/beszamolo-az-v-vallalati-nyilt-forraskodu-konferenciarol\/"},"modified":"2009-05-27T15:18:06","modified_gmt":"2009-05-27T15:18:06","slug":"beszamolo-az-v-vallalati-nyilt-forraskodu-konferenciarol","status":"publish","type":"post","link":"https:\/\/ulx.hu\/en\/beszamolo-az-v-vallalati-nyilt-forraskodu-konferenciarol\/","title":{"rendered":"Besz\u00e1mol\u00f3 az V. V\u00e1llalati Ny\u00edlt Forr\u00e1sk\u00f3d\u00fa Konferenci\u00e1r\u00f3l"},"content":{"rendered":"<ul>\n<li><em><span>Lassan, de v&aacute;ltozik a ny&iacute;lt forr&aacute;sk&oacute;ddal kapcsolatos hozz&aacute;&aacute;ll&aacute;s a magyarorsz&aacute;gi v&aacute;llalatok k&ouml;z&ouml;tt<\/span><\/em><\/li>\n<li><em><span>Magyarorsz&aacute;g a m&aacute;sodik helyen a r&eacute;gi&oacute;s bev&eacute;tel szerint <\/span><\/em><\/li>\n<\/ul>\n<p><!-- \t\t@page { margin: 2cm } \t\tP { margin-bottom: 0.21cm } \t--><\/p>\n<p align=\"left\">A vil&aacute;g vezet\u0151 ny&iacute;lt forr&aacute;sk&oacute;d&uacute; megold&aacute;ssz&aacute;ll&iacute;t&oacute;j&aacute;t, a Red Hatet Magyarorsz&aacute;gon <a href=\"https:\/\/ulx.hu\/en\/beszamolo-az-v-vallalati-nyilt-forraskodu-konferenciarol\/#more-1936\" class=\"more-link\">&#8230;<\/a><\/p>","protected":false},"excerpt":{"rendered":"<p>Lassan, de v&aacute;ltozik a ny&iacute;lt forr&aacute;sk&oacute;ddal kapcsolatos hozz&aacute;&aacute;ll&aacute;s a magyarorsz&aacute;gi v&aacute;llalatok k&ouml;z&ouml;tt Magyarorsz&aacute;g a m&aacute;sodik helyen a r&eacute;gi&oacute;s bev&eacute;tel szerint A vil&aacute;g vezet\u0151 ny&iacute;lt forr&aacute;sk&oacute;d&uacute; megold&aacute;ssz&aacute;ll&iacute;t&oacute;j&aacute;t,<span class=\"excerpt-hellip\"> [\u2026]<\/span><\/p>\n","protected":false},"author":4,"featured_media":0,"comment_status":"closed","ping_status":"closed","sticky":false,"template":"","format":"standard","meta":{"iawp_total_views":0,"footnotes":"","_links_to":"","_links_to_target":""},"categories":[6],"tags":[],"class_list":["post-1936","post","type-post","status-publish","format-standard","hentry","category-vallalati-hirek"],"_links":{"self":[{"href":"https:\/\/ulx.hu\/en\/wp-json\/wp\/v2\/posts\/1936"}],"collection":[{"href":"https:\/\/ulx.hu\/en\/wp-json\/wp\/v2\/posts"}],"about":[{"href":"https:\/\/ulx.hu\/en\/wp-json\/wp\/v2\/types\/post"}],"author":[{"embeddable":true,"href":"https:\/\/ulx.hu\/en\/wp-json\/wp\/v2\/users\/4"}],"replies":[{"embeddable":true,"href":"https:\/\/ulx.hu\/en\/wp-json\/wp\/v2\/comments?post=1936"}],"version-history":[{"count":0,"href":"https:\/\/ulx.hu\/en\/wp-json\/wp\/v2\/posts\/1936\/revisions"}],"wp:attachment":[{"href":"https:\/\/ulx.hu\/en\/wp-json\/wp\/v2\/media?parent=1936"}],"wp:term":[{"taxonomy":"category","embeddable":true,"href":"https:\/\/ulx.hu\/en\/wp-json\/wp\/v2\/categories?post=1936"},{"taxonomy":"post_tag","embeddable":true,"href":"https:\/\/ulx.hu\/en\/wp-json\/wp\/v2\/tags?post=1936"}],"curies":[{"name":"wp","href":"https:\/\/api.w.org\/{rel}","templated":true}]}}