{"id":1937,"date":"2009-06-10T10:01:45","date_gmt":"2009-06-10T10:01:45","guid":{"rendered":"https:\/\/ulx.hu\/beszamolo-a-nyilt-forraskodu-szoftverek-a-kozigazgatasban-konferenciarol\/"},"modified":"2009-06-10T10:01:45","modified_gmt":"2009-06-10T10:01:45","slug":"beszamolo-a-nyilt-forraskodu-szoftverek-a-kozigazgatasban-konferenciarol","status":"publish","type":"post","link":"https:\/\/ulx.hu\/en\/beszamolo-a-nyilt-forraskodu-szoftverek-a-kozigazgatasban-konferenciarol\/","title":{"rendered":"Besz\u00e1mol\u00f3 a ny\u00edlt forr\u00e1sk\u00f3d\u00fa szoftverek a k\u00f6zigazgat\u00e1sban konferenci\u00e1r\u00f3l"},"content":{"rendered":"<p>2009. j&uacute;nius 2-&aacute;n az Eur&oacute;pai Bizotts&aacute;g Informatikai F\u0151igazgat&oacute;s&aacute;ga, a Minisztereln&ouml;ki Hivatal Infokommunik&aacute;ci&oacute;s &Aacute;llamtitk&aacute;rs&aacute;ga &eacute;s t&ouml;bb, ny&iacute;lt forr&aacute;sk&oacute;d&uacute; szoftvermegold&aacute;sokat sz&aacute;ll&iacute;t&oacute; piaci szerepl\u0151, t&ouml;bbek k&ouml;z&ouml;tt az ULX k&ouml;z&ouml;s konferenci&aacute;n <a href=\"https:\/\/ulx.hu\/en\/beszamolo-a-nyilt-forraskodu-szoftverek-a-kozigazgatasban-konferenciarol\/#more-1937\" class=\"more-link\">&#8230;<\/a><\/p>","protected":false},"excerpt":{"rendered":"<p>2009. j&uacute;nius 2-&aacute;n az Eur&oacute;pai Bizotts&aacute;g Informatikai F\u0151igazgat&oacute;s&aacute;ga, a Minisztereln&ouml;ki Hivatal Infokommunik&aacute;ci&oacute;s &Aacute;llamtitk&aacute;rs&aacute;ga &eacute;s t&ouml;bb, ny&iacute;lt forr&aacute;sk&oacute;d&uacute; szoftvermegold&aacute;sokat sz&aacute;ll&iacute;t&oacute; piaci szerepl\u0151, t&ouml;bbek k&ouml;z&ouml;tt az ULX k&ouml;z&ouml;s<span class=\"excerpt-hellip\"> [\u2026]<\/span><\/p>\n","protected":false},"author":4,"featured_media":0,"comment_status":"closed","ping_status":"closed","sticky":false,"template":"","format":"standard","meta":{"iawp_total_views":0,"footnotes":"","_links_to":"","_links_to_target":""},"categories":[6],"tags":[],"class_list":["post-1937","post","type-post","status-publish","format-standard","hentry","category-vallalati-hirek"],"_links":{"self":[{"href":"https:\/\/ulx.hu\/en\/wp-json\/wp\/v2\/posts\/1937"}],"collection":[{"href":"https:\/\/ulx.hu\/en\/wp-json\/wp\/v2\/posts"}],"about":[{"href":"https:\/\/ulx.hu\/en\/wp-json\/wp\/v2\/types\/post"}],"author":[{"embeddable":true,"href":"https:\/\/ulx.hu\/en\/wp-json\/wp\/v2\/users\/4"}],"replies":[{"embeddable":true,"href":"https:\/\/ulx.hu\/en\/wp-json\/wp\/v2\/comments?post=1937"}],"version-history":[{"count":0,"href":"https:\/\/ulx.hu\/en\/wp-json\/wp\/v2\/posts\/1937\/revisions"}],"wp:attachment":[{"href":"https:\/\/ulx.hu\/en\/wp-json\/wp\/v2\/media?parent=1937"}],"wp:term":[{"taxonomy":"category","embeddable":true,"href":"https:\/\/ulx.hu\/en\/wp-json\/wp\/v2\/categories?post=1937"},{"taxonomy":"post_tag","embeddable":true,"href":"https:\/\/ulx.hu\/en\/wp-json\/wp\/v2\/tags?post=1937"}],"curies":[{"name":"wp","href":"https:\/\/api.w.org\/{rel}","templated":true}]}}