{"id":1945,"date":"2009-09-01T02:00:00","date_gmt":"2009-09-01T02:00:00","guid":{"rendered":"https:\/\/ulx.hu\/a-red-hat-folytatja-a-jboss-open-choice-strategiat-a-szamitasi-felho-iranyaba-az-uj-generacios-java-alkalmazasplatformmal\/"},"modified":"2009-09-01T02:00:00","modified_gmt":"2009-09-01T02:00:00","slug":"a-red-hat-folytatja-a-jboss-open-choice-strategiat-a-szamitasi-felho-iranyaba-az-uj-generacios-java-alkalmazasplatformmal","status":"publish","type":"post","link":"https:\/\/ulx.hu\/en\/a-red-hat-folytatja-a-jboss-open-choice-strategiat-a-szamitasi-felho-iranyaba-az-uj-generacios-java-alkalmazasplatformmal\/","title":{"rendered":"A Red Hat folytatja a JBoss Open Choice strat\u00e9gi\u00e1t a sz\u00e1m\u00edt\u00e1si felh\u0151 ir\u00e1ny\u00e1ba az \u00faj gener\u00e1ci\u00f3s Java alkalmaz\u00e1splatformmal"},"content":{"rendered":"<p><title><\/title> \t\t<!--\t\t@page { margin: 2cm }\t\tP { margin-bottom: 0.21cm }\t-->\t<\/p>\n<p align=\"center\"><i>A JBoss Enterprise Application Platform 5.0 a Java-alap&uacute; fejleszt&eacute;sek j&ouml;v\u0151j&eacute;t &eacute;s a felh\u0151alap&uacute; sz&aacute;m&iacute;t&aacute;sok alapjait hat&aacute;rozza meg<\/i><\/p>\n<p><title><\/title> \t\t<!--\t\t@page { margin: 2cm }\t\tP { margin-bottom: 0.21cm }\t-->\t\t\t\t<\/p>\n<p><title><\/title> \t\t<!--\t\t@page { margin: 2cm }\t\tP { margin-bottom: 0.21cm }\t-->\t <\/p>\n<p style=\"font-style: normal;font-weight: normal\">A vil&aacute;g vezet\u0151 ny&iacute;lt forr&aacute;sk&oacute;d&uacute; gy&aacute;rt&oacute;ja, a Red Hat bejelentette a JBoss Enterprise Application Platform 5.0 megjelen&eacute;s&eacute;t. Ez a k&ouml;ztesr&eacute;teg <a href=\"https:\/\/ulx.hu\/en\/a-red-hat-folytatja-a-jboss-open-choice-strategiat-a-szamitasi-felho-iranyaba-az-uj-generacios-java-alkalmazasplatformmal\/#more-1945\" class=\"more-link\">&#8230;<\/a><\/p>","protected":false},"excerpt":{"rendered":"<p>A JBoss Enterprise Application Platform 5.0 a Java-alap&uacute; fejleszt&eacute;sek j&ouml;v\u0151j&eacute;t &eacute;s a felh\u0151alap&uacute; sz&aacute;m&iacute;t&aacute;sok alapjait hat&aacute;rozza meg A vil&aacute;g vezet\u0151 ny&iacute;lt forr&aacute;sk&oacute;d&uacute; gy&aacute;rt&oacute;ja, a Red Hat<span class=\"excerpt-hellip\"> [\u2026]<\/span><\/p>\n","protected":false},"author":4,"featured_media":0,"comment_status":"closed","ping_status":"closed","sticky":false,"template":"","format":"standard","meta":{"iawp_total_views":0,"footnotes":"","_links_to":"","_links_to_target":""},"categories":[6],"tags":[],"class_list":["post-1945","post","type-post","status-publish","format-standard","hentry","category-vallalati-hirek"],"_links":{"self":[{"href":"https:\/\/ulx.hu\/en\/wp-json\/wp\/v2\/posts\/1945"}],"collection":[{"href":"https:\/\/ulx.hu\/en\/wp-json\/wp\/v2\/posts"}],"about":[{"href":"https:\/\/ulx.hu\/en\/wp-json\/wp\/v2\/types\/post"}],"author":[{"embeddable":true,"href":"https:\/\/ulx.hu\/en\/wp-json\/wp\/v2\/users\/4"}],"replies":[{"embeddable":true,"href":"https:\/\/ulx.hu\/en\/wp-json\/wp\/v2\/comments?post=1945"}],"version-history":[{"count":0,"href":"https:\/\/ulx.hu\/en\/wp-json\/wp\/v2\/posts\/1945\/revisions"}],"wp:attachment":[{"href":"https:\/\/ulx.hu\/en\/wp-json\/wp\/v2\/media?parent=1945"}],"wp:term":[{"taxonomy":"category","embeddable":true,"href":"https:\/\/ulx.hu\/en\/wp-json\/wp\/v2\/categories?post=1945"},{"taxonomy":"post_tag","embeddable":true,"href":"https:\/\/ulx.hu\/en\/wp-json\/wp\/v2\/tags?post=1945"}],"curies":[{"name":"wp","href":"https:\/\/api.w.org\/{rel}","templated":true}]}}