{"id":1946,"date":"2009-09-02T02:00:00","date_gmt":"2009-09-02T02:00:00","guid":{"rendered":"https:\/\/ulx.hu\/a-red-hat-megjelentette-a-red-hat-vallalati-virtualizacio-portfoliojanak-alapjat-kepezo-red-hat-enterprise-linux-5-4-et\/"},"modified":"2009-09-02T02:00:00","modified_gmt":"2009-09-02T02:00:00","slug":"a-red-hat-megjelentette-a-red-hat-vallalati-virtualizacio-portfoliojanak-alapjat-kepezo-red-hat-enterprise-linux-5-4-et","status":"publish","type":"post","link":"https:\/\/ulx.hu\/en\/a-red-hat-megjelentette-a-red-hat-vallalati-virtualizacio-portfoliojanak-alapjat-kepezo-red-hat-enterprise-linux-5-4-et\/","title":{"rendered":"A Red Hat megjelentette a Red Hat V\u00e1llalati Virtualiz\u00e1ci\u00f3 Portfoli\u00f3j\u00e1nak alapj\u00e1t k\u00e9pez\u0151 Red Hat Enterprise Linux 5.4-et"},"content":{"rendered":"<p><em>A legfrissebb Red Hat Enterprise Linux m&aacute;r el&eacute;rhet\u0151, tov&aacute;bb er\u0151s&iacute;tve a virtualiz&aacute;ci&oacute;, a  felh\u0151-alap&uacute; &eacute;s oper&aacute;ci&oacute;s platformok ter&uuml;let&eacute;n bet&ouml;lt&ouml;tt poz&iacute;ci&oacute;t.<\/em><\/p>\n<p><title><\/title> \t\t<!--\t\t@page { margin: 2cm }\t\tP { margin-bottom: 0.21cm }\t\tH2 { margin-bottom: 0.21cm }\t\tH2.western { font-family: \"Liberation Serif\", serif }\t\tH2.cjk { font-family: \"DejaVu Sans\" }\t\tH2.ctl { font-family: \"DejaVu Sans\" }\t--><title><\/title> \t\t<!--\t\t@page { margin: 2cm }\t\tP { margin-bottom: 0.21cm }\t-->             <\/p>\n<p><span style=\"font-size: small\">A vil&aacute;g vezet\u0151 ny&iacute;lt forr&aacute;sk&oacute;d&uacute; gy&aacute;rt&oacute;ja, a Red Hat bejelentette a Red Hat Enterprise Linux <a href=\"https:\/\/ulx.hu\/en\/a-red-hat-megjelentette-a-red-hat-vallalati-virtualizacio-portfoliojanak-alapjat-kepezo-red-hat-enterprise-linux-5-4-et\/#more-1946\" class=\"more-link\">&#8230;<\/a><\/span><\/p>","protected":false},"excerpt":{"rendered":"<p>A legfrissebb Red Hat Enterprise Linux m&aacute;r el&eacute;rhet\u0151, tov&aacute;bb er\u0151s&iacute;tve a virtualiz&aacute;ci&oacute;, a felh\u0151-alap&uacute; &eacute;s oper&aacute;ci&oacute;s platformok ter&uuml;let&eacute;n bet&ouml;lt&ouml;tt poz&iacute;ci&oacute;t. A vil&aacute;g vezet\u0151 ny&iacute;lt forr&aacute;sk&oacute;d&uacute; gy&aacute;rt&oacute;ja,<span class=\"excerpt-hellip\"> [\u2026]<\/span><\/p>\n","protected":false},"author":4,"featured_media":0,"comment_status":"closed","ping_status":"closed","sticky":false,"template":"","format":"standard","meta":{"iawp_total_views":0,"footnotes":"","_links_to":"","_links_to_target":""},"categories":[6],"tags":[],"class_list":["post-1946","post","type-post","status-publish","format-standard","hentry","category-vallalati-hirek"],"_links":{"self":[{"href":"https:\/\/ulx.hu\/en\/wp-json\/wp\/v2\/posts\/1946"}],"collection":[{"href":"https:\/\/ulx.hu\/en\/wp-json\/wp\/v2\/posts"}],"about":[{"href":"https:\/\/ulx.hu\/en\/wp-json\/wp\/v2\/types\/post"}],"author":[{"embeddable":true,"href":"https:\/\/ulx.hu\/en\/wp-json\/wp\/v2\/users\/4"}],"replies":[{"embeddable":true,"href":"https:\/\/ulx.hu\/en\/wp-json\/wp\/v2\/comments?post=1946"}],"version-history":[{"count":0,"href":"https:\/\/ulx.hu\/en\/wp-json\/wp\/v2\/posts\/1946\/revisions"}],"wp:attachment":[{"href":"https:\/\/ulx.hu\/en\/wp-json\/wp\/v2\/media?parent=1946"}],"wp:term":[{"taxonomy":"category","embeddable":true,"href":"https:\/\/ulx.hu\/en\/wp-json\/wp\/v2\/categories?post=1946"},{"taxonomy":"post_tag","embeddable":true,"href":"https:\/\/ulx.hu\/en\/wp-json\/wp\/v2\/tags?post=1946"}],"curies":[{"name":"wp","href":"https:\/\/api.w.org\/{rel}","templated":true}]}}