{"id":1952,"date":"2009-10-28T02:00:00","date_gmt":"2009-10-28T02:00:00","guid":{"rendered":"https:\/\/ulx.hu\/az-ulx-kiemelt-tamogatokent-karolja-fel-az-elso-szabad-szoftver-konferencia-es-kiallitast-budapesten\/"},"modified":"2009-10-28T02:00:00","modified_gmt":"2009-10-28T02:00:00","slug":"az-ulx-kiemelt-tamogatokent-karolja-fel-az-elso-szabad-szoftver-konferencia-es-kiallitast-budapesten","status":"publish","type":"post","link":"https:\/\/ulx.hu\/en\/az-ulx-kiemelt-tamogatokent-karolja-fel-az-elso-szabad-szoftver-konferencia-es-kiallitast-budapesten\/","title":{"rendered":"Az ULX kiemelt t\u00e1mogat\u00f3k\u00e9nt karolja fel az els\u0151 Szabad Szoftver Konferencia \u00e9s Ki\u00e1ll\u00edt\u00e1st Budapesten"},"content":{"rendered":"<p>Az ULX ma bejelentette, hogy kiemelt t&aacute;mogat&oacute;k&eacute;nt seg&iacute;ti majd a 2009 okt&oacute;ber 31-&eacute;n, szombaton Budapesten megrendez&eacute;sre ker&uuml;l\u0151 els\u0151 Szabad Szoftver Konferenci&aacute;t &eacute;s Ki&aacute;ll&iacute;t&aacute;st.<\/p>\n<p><title><\/title> \t\t<!--\t\t@page { margin: 2cm }\t\tP { margin-bottom: 0.21cm }\t\tH1 { margin-bottom: 0.21cm }\t\tH1.western { font-family: \"Times New Roman\", serif }\t\tH1.cjk { font-family: \"Arial Unicode MS\" }\t\tH1.ctl { font-family: \"Tahoma\" }\t\tA:link { so-language: zxx }\t--> <\/p>\n<p style=\"margin-bottom: 0cm\">Az esem&eacute;ny, mely a BME Informatikai &eacute;p&uuml;let&eacute;ben ker&uuml;l megrendez&eacute;sre az FSF.hu Alap&iacute;tv&aacute;ny szervezi <a href=\"https:\/\/ulx.hu\/en\/az-ulx-kiemelt-tamogatokent-karolja-fel-az-elso-szabad-szoftver-konferencia-es-kiallitast-budapesten\/#more-1952\" class=\"more-link\">&#8230;<\/a><\/p>","protected":false},"excerpt":{"rendered":"<p>Az ULX ma bejelentette, hogy kiemelt t&aacute;mogat&oacute;k&eacute;nt seg&iacute;ti majd a 2009 okt&oacute;ber 31-&eacute;n, szombaton Budapesten megrendez&eacute;sre ker&uuml;l\u0151 els\u0151 Szabad Szoftver Konferenci&aacute;t &eacute;s Ki&aacute;ll&iacute;t&aacute;st. Az esem&eacute;ny, mely<span class=\"excerpt-hellip\"> [\u2026]<\/span><\/p>\n","protected":false},"author":4,"featured_media":0,"comment_status":"closed","ping_status":"closed","sticky":false,"template":"","format":"standard","meta":{"iawp_total_views":6,"footnotes":"","_links_to":"","_links_to_target":""},"categories":[6],"tags":[],"class_list":["post-1952","post","type-post","status-publish","format-standard","hentry","category-vallalati-hirek"],"_links":{"self":[{"href":"https:\/\/ulx.hu\/en\/wp-json\/wp\/v2\/posts\/1952"}],"collection":[{"href":"https:\/\/ulx.hu\/en\/wp-json\/wp\/v2\/posts"}],"about":[{"href":"https:\/\/ulx.hu\/en\/wp-json\/wp\/v2\/types\/post"}],"author":[{"embeddable":true,"href":"https:\/\/ulx.hu\/en\/wp-json\/wp\/v2\/users\/4"}],"replies":[{"embeddable":true,"href":"https:\/\/ulx.hu\/en\/wp-json\/wp\/v2\/comments?post=1952"}],"version-history":[{"count":0,"href":"https:\/\/ulx.hu\/en\/wp-json\/wp\/v2\/posts\/1952\/revisions"}],"wp:attachment":[{"href":"https:\/\/ulx.hu\/en\/wp-json\/wp\/v2\/media?parent=1952"}],"wp:term":[{"taxonomy":"category","embeddable":true,"href":"https:\/\/ulx.hu\/en\/wp-json\/wp\/v2\/categories?post=1952"},{"taxonomy":"post_tag","embeddable":true,"href":"https:\/\/ulx.hu\/en\/wp-json\/wp\/v2\/tags?post=1952"}],"curies":[{"name":"wp","href":"https:\/\/api.w.org\/{rel}","templated":true}]}}