{"id":1953,"date":"2009-11-03T20:27:02","date_gmt":"2009-11-03T20:27:02","guid":{"rendered":"https:\/\/ulx.hu\/a-red-hat-bemutatta-a-heterogen-szerverekre-es-felhokre-kifejlesztett-virtualizacios-platformjat\/"},"modified":"2009-11-03T20:27:02","modified_gmt":"2009-11-03T20:27:02","slug":"a-red-hat-bemutatta-a-heterogen-szerverekre-es-felhokre-kifejlesztett-virtualizacios-platformjat","status":"publish","type":"post","link":"https:\/\/ulx.hu\/en\/a-red-hat-bemutatta-a-heterogen-szerverekre-es-felhokre-kifejlesztett-virtualizacios-platformjat\/","title":{"rendered":"A Red Hat bemutatta a heterog\u00e9n szerverekre \u00e9s felh\u0151kre kifejlesztett virtualiz\u00e1ci\u00f3s platformj\u00e1t"},"content":{"rendered":"<p><em>A m&aacute;t&oacute;l kaphat&oacute; virtualiz&aacute;ci&oacute;s platform &aacute;tfog&oacute; menedzsment eszk&ouml;z&ouml;ket ny&uacute;jt szerver-telep&iacute;t&eacute;shez, kisv&aacute;llalalati k&ouml;rnyezett\u0151l a felh\u0151 infrastrukt&uacute;r&aacute;ig<\/em><\/p>\n<p>A Red Hat, a vil&aacute;g vezet\u0151 ny&iacute;lt forr&aacute;sk&oacute;d&uacute; megold&aacute;sokat ny&uacute;jt&oacute; v&aacute;llalata ma bejelentette, hogy &aacute;ltal&aacute;nosan <a href=\"https:\/\/ulx.hu\/en\/a-red-hat-bemutatta-a-heterogen-szerverekre-es-felhokre-kifejlesztett-virtualizacios-platformjat\/#more-1953\" class=\"more-link\">&#8230;<\/a><\/p>","protected":false},"excerpt":{"rendered":"<p>A m&aacute;t&oacute;l kaphat&oacute; virtualiz&aacute;ci&oacute;s platform &aacute;tfog&oacute; menedzsment eszk&ouml;z&ouml;ket ny&uacute;jt szerver-telep&iacute;t&eacute;shez, kisv&aacute;llalalati k&ouml;rnyezett\u0151l a felh\u0151 infrastrukt&uacute;r&aacute;ig A Red Hat, a vil&aacute;g vezet\u0151 ny&iacute;lt forr&aacute;sk&oacute;d&uacute; megold&aacute;sokat ny&uacute;jt&oacute; v&aacute;llalata<span class=\"excerpt-hellip\"> [\u2026]<\/span><\/p>\n","protected":false},"author":4,"featured_media":0,"comment_status":"closed","ping_status":"closed","sticky":false,"template":"","format":"standard","meta":{"iawp_total_views":0,"footnotes":"","_links_to":"","_links_to_target":""},"categories":[6],"tags":[],"class_list":["post-1953","post","type-post","status-publish","format-standard","hentry","category-vallalati-hirek"],"_links":{"self":[{"href":"https:\/\/ulx.hu\/en\/wp-json\/wp\/v2\/posts\/1953"}],"collection":[{"href":"https:\/\/ulx.hu\/en\/wp-json\/wp\/v2\/posts"}],"about":[{"href":"https:\/\/ulx.hu\/en\/wp-json\/wp\/v2\/types\/post"}],"author":[{"embeddable":true,"href":"https:\/\/ulx.hu\/en\/wp-json\/wp\/v2\/users\/4"}],"replies":[{"embeddable":true,"href":"https:\/\/ulx.hu\/en\/wp-json\/wp\/v2\/comments?post=1953"}],"version-history":[{"count":0,"href":"https:\/\/ulx.hu\/en\/wp-json\/wp\/v2\/posts\/1953\/revisions"}],"wp:attachment":[{"href":"https:\/\/ulx.hu\/en\/wp-json\/wp\/v2\/media?parent=1953"}],"wp:term":[{"taxonomy":"category","embeddable":true,"href":"https:\/\/ulx.hu\/en\/wp-json\/wp\/v2\/categories?post=1953"},{"taxonomy":"post_tag","embeddable":true,"href":"https:\/\/ulx.hu\/en\/wp-json\/wp\/v2\/tags?post=1953"}],"curies":[{"name":"wp","href":"https:\/\/api.w.org\/{rel}","templated":true}]}}