{"id":1966,"date":"2010-04-07T22:49:36","date_gmt":"2010-04-07T22:49:36","guid":{"rendered":"https:\/\/ulx.hu\/a-red-hat-bejelenti-a-red-hat-enterprise-virtualization-2-2-es-beta-verziojanak-elerhetoseget\/"},"modified":"2010-04-07T22:49:36","modified_gmt":"2010-04-07T22:49:36","slug":"a-red-hat-bejelenti-a-red-hat-enterprise-virtualization-2-2-es-beta-verziojanak-elerhetoseget","status":"publish","type":"post","link":"https:\/\/ulx.hu\/en\/a-red-hat-bejelenti-a-red-hat-enterprise-virtualization-2-2-es-beta-verziojanak-elerhetoseget\/","title":{"rendered":"A Red Hat bejelenti a Red Hat Enterprise Virtualization 2.2-es b\u00e9ta verzi\u00f3j\u00e1nak el\u00e9rhet\u0151s\u00e9g\u00e9t"},"content":{"rendered":"<p>M&aacute;r t&ouml;bb mint n&eacute;gy h&oacute;napja, hogy 2009 november&eacute;ben a Red Hat kibocs&aacute;totta a Red Hat Enterprise Vitualization for Servers-t, amely egy k&uuml;l&ouml;n&aacute;ll&oacute;, a kernel-alap&uacute; virtu&aacute;lis g&eacute;p (KVM) technol&oacute;gi&aacute;n alapul&oacute; &ouml;n&aacute;ll&oacute; hipervizort &eacute;s &aacute;tfog&oacute; szerver-virtualiz&aacute;ci&oacute;s menedzsment <a href=\"https:\/\/ulx.hu\/en\/a-red-hat-bejelenti-a-red-hat-enterprise-virtualization-2-2-es-beta-verziojanak-elerhetoseget\/#more-1966\" class=\"more-link\">&#8230;<\/a><\/p>","protected":false},"excerpt":{"rendered":"<p>M&aacute;r t&ouml;bb mint n&eacute;gy h&oacute;napja, hogy 2009 november&eacute;ben a Red Hat kibocs&aacute;totta a Red Hat Enterprise Vitualization for Servers-t, amely egy k&uuml;l&ouml;n&aacute;ll&oacute;, a kernel-alap&uacute; virtu&aacute;lis g&eacute;p<span class=\"excerpt-hellip\"> [\u2026]<\/span><\/p>\n","protected":false},"author":4,"featured_media":0,"comment_status":"closed","ping_status":"closed","sticky":false,"template":"","format":"standard","meta":{"iawp_total_views":0,"footnotes":"","_links_to":"","_links_to_target":""},"categories":[6],"tags":[],"class_list":["post-1966","post","type-post","status-publish","format-standard","hentry","category-vallalati-hirek"],"_links":{"self":[{"href":"https:\/\/ulx.hu\/en\/wp-json\/wp\/v2\/posts\/1966"}],"collection":[{"href":"https:\/\/ulx.hu\/en\/wp-json\/wp\/v2\/posts"}],"about":[{"href":"https:\/\/ulx.hu\/en\/wp-json\/wp\/v2\/types\/post"}],"author":[{"embeddable":true,"href":"https:\/\/ulx.hu\/en\/wp-json\/wp\/v2\/users\/4"}],"replies":[{"embeddable":true,"href":"https:\/\/ulx.hu\/en\/wp-json\/wp\/v2\/comments?post=1966"}],"version-history":[{"count":0,"href":"https:\/\/ulx.hu\/en\/wp-json\/wp\/v2\/posts\/1966\/revisions"}],"wp:attachment":[{"href":"https:\/\/ulx.hu\/en\/wp-json\/wp\/v2\/media?parent=1966"}],"wp:term":[{"taxonomy":"category","embeddable":true,"href":"https:\/\/ulx.hu\/en\/wp-json\/wp\/v2\/categories?post=1966"},{"taxonomy":"post_tag","embeddable":true,"href":"https:\/\/ulx.hu\/en\/wp-json\/wp\/v2\/tags?post=1966"}],"curies":[{"name":"wp","href":"https:\/\/api.w.org\/{rel}","templated":true}]}}