{"id":1984,"date":"2011-10-04T01:00:00","date_gmt":"2011-10-04T01:00:00","guid":{"rendered":"https:\/\/ulx.hu\/a-red-hat-bejelenti-a-red-hat-enterprise-linux-6-2-beta-verziojanak-elerhetoseget\/"},"modified":"2011-10-04T01:00:00","modified_gmt":"2011-10-04T01:00:00","slug":"a-red-hat-bejelenti-a-red-hat-enterprise-linux-6-2-beta-verziojanak-elerhetoseget","status":"publish","type":"post","link":"https:\/\/ulx.hu\/en\/a-red-hat-bejelenti-a-red-hat-enterprise-linux-6-2-beta-verziojanak-elerhetoseget\/","title":{"rendered":"A Red Hat bejelenti a Red Hat Enterprise Linux 6.2 b\u00e9ta verzi\u00f3j\u00e1nak el\u00e9rhet\u0151s\u00e9g\u00e9t"},"content":{"rendered":"<p style=\"text-align: center\"><em>&Ouml;r&ouml;mmel jelentj&uuml;k be, hogy a Red Hat Enterprise Linux 6.2 b&eacute;ta verzi&oacute;ja a mai napt&oacute;l kezdve el&eacute;rhet\u0151.<\/em><\/p>\n<p>Ez a b&eacute;ta a megl&eacute;v\u0151 jellemz\u0151k&eacute;szletet sz&eacute;lesk&ouml;r\u0171 friss&iacute;t&eacute;sekkel eg&eacute;sz&iacute;ti ki, valamint gazdag &uacute;j funkcionalit&aacute;st biztos&iacute;t, k&uuml;l&ouml;n&ouml;sen a k&ouml;vetkez\u0151 ter&uuml;leteken: teljes&iacute;tm&eacute;ny <a href=\"https:\/\/ulx.hu\/en\/a-red-hat-bejelenti-a-red-hat-enterprise-linux-6-2-beta-verziojanak-elerhetoseget\/#more-1984\" class=\"more-link\">&#8230;<\/a><\/p>","protected":false},"excerpt":{"rendered":"<p>&Ouml;r&ouml;mmel jelentj&uuml;k be, hogy a Red Hat Enterprise Linux 6.2 b&eacute;ta verzi&oacute;ja a mai napt&oacute;l kezdve el&eacute;rhet\u0151. Ez a b&eacute;ta a megl&eacute;v\u0151 jellemz\u0151k&eacute;szletet sz&eacute;lesk&ouml;r\u0171 friss&iacute;t&eacute;sekkel eg&eacute;sz&iacute;ti<span class=\"excerpt-hellip\"> [\u2026]<\/span><\/p>\n","protected":false},"author":4,"featured_media":0,"comment_status":"closed","ping_status":"closed","sticky":false,"template":"","format":"standard","meta":{"iawp_total_views":0,"footnotes":"","_links_to":"","_links_to_target":""},"categories":[6],"tags":[],"class_list":["post-1984","post","type-post","status-publish","format-standard","hentry","category-vallalati-hirek"],"_links":{"self":[{"href":"https:\/\/ulx.hu\/en\/wp-json\/wp\/v2\/posts\/1984"}],"collection":[{"href":"https:\/\/ulx.hu\/en\/wp-json\/wp\/v2\/posts"}],"about":[{"href":"https:\/\/ulx.hu\/en\/wp-json\/wp\/v2\/types\/post"}],"author":[{"embeddable":true,"href":"https:\/\/ulx.hu\/en\/wp-json\/wp\/v2\/users\/4"}],"replies":[{"embeddable":true,"href":"https:\/\/ulx.hu\/en\/wp-json\/wp\/v2\/comments?post=1984"}],"version-history":[{"count":0,"href":"https:\/\/ulx.hu\/en\/wp-json\/wp\/v2\/posts\/1984\/revisions"}],"wp:attachment":[{"href":"https:\/\/ulx.hu\/en\/wp-json\/wp\/v2\/media?parent=1984"}],"wp:term":[{"taxonomy":"category","embeddable":true,"href":"https:\/\/ulx.hu\/en\/wp-json\/wp\/v2\/categories?post=1984"},{"taxonomy":"post_tag","embeddable":true,"href":"https:\/\/ulx.hu\/en\/wp-json\/wp\/v2\/tags?post=1984"}],"curies":[{"name":"wp","href":"https:\/\/api.w.org\/{rel}","templated":true}]}}